{"id":509,"date":"2014-06-26T12:42:19","date_gmt":"2014-06-26T12:42:19","guid":{"rendered":"https:\/\/www.castelfrancoservizi.it\/website\/?p=509"},"modified":"2017-06-26T12:44:40","modified_gmt":"2017-06-26T12:44:40","slug":"verifica-periodica-del-reddito","status":"publish","type":"post","link":"https:\/\/amministrazionetrasparente.aeep.it\/sitoweb\/comunicazioni\/notizie\/verifica-periodica-del-reddito\/","title":{"rendered":"Verifica periodica del reddito"},"content":{"rendered":"<p>L\u2019art. 20 della legge citata in oggetto prevede:<br \/>\nA) la verifica annuale del reddito degli assegnatari degli alloggi per la determinazione del canone di locazione a partire dal 1\u00b0 gennaio dell\u2019anno successivo a quello di presentazione della dichiarazione fiscale;<br \/>\nB) la verifica della permanenza nel nucleo familiare dei requisiti di cui all\u2019art. 2 della medesima legge.<br \/>\nA tal fine tutti gli assegnatari devono presentare istanza e contestuale dichiarazione sostitutiva in riferimento ai succitati punti A) e B). (Vedi modello allegato n. 1).<br \/>\nTale dichiarazione, ai sensi dell\u2019art. 38 del D.P.R. 28\/12\/2000, n\u00b0 445, dovr\u00e0 essere sottoscritta dall\u2019assegnatario in presenza del dipendente addetto ovvero sottoscritta e inviata unitamente a copia fotostatica di un documento di identit\u00e0 del sottoscrittore all\u2019ufficio competente.<br \/>\nAl fine di non incorrere in errori, omissioni e nelle possibili conseguenze civili e penali in caso di dichiarazione errata, si invita a supportare l\u2019istanza con la copia della seguente documentazione:<br \/>\n&#8211; per l\u2019assegnatario e per ciascun componente del nucleo familiare, copia dell\u2019ultima dichiarazione dei redditi, anno 2012 presentata nell\u2019anno 2013 all\u2019Ufficio delle Entrate (mod. 730 \u2013 Unico) oppure, ove non sia prevista la dichiarazione, copia della documentazione fornita dal datore di lavoro o dall\u2019Ente previdenziale erogante la pensione Mod. CUD;<br \/>\n&#8211; nel caso in cui non si rientri tra i soggetti obbligati alla presentazione della dichiarazione dei redditi all\u2019Ufficio delle Entrate ed, in alternativa a quanto sopra richiesto, per l\u2019assegnatario e per ciascun componente il nucleo familiare che non ha lavorato o lavorato solo in parte, indicare nella dichiarazione sostitutiva dell\u2019atto di notoriet\u00e0, allegata, di non aver percepito redditi nell\u2019anno di riferimento, i periodi in cui non si \u00e8 svolta attivit\u00e0 lavorativa o i corsi di studio frequentati per i figli maggiorenni oltre la scuola dell\u2019obbligo.<br \/>\nTale documentazione deve coprire tutto l\u2019anno di riferimento.<br \/>\nSi richiede cortesemente la massima sollecitudine per la consegna della documentazione richiesta, da effettuarsi entro e non oltre il giorno 31 Ottobre 2013, nei seguenti orari: marted\u00ec e venerd\u00ec dalle ore 10,00 alle ore 12,30 gioved\u00ec dalle ore 15,00 alle ore 17,00.<br \/>\nPer quanti volessero far pervenire a mezzo Fax la suddetta documentazione potranno inviarla, debitamente sottoscritta, allegando copia di un documento di identit\u00e0 del sottoscrittore al n\u00b0 0423-720933.<br \/>\nSi fa presente che qualora l\u2019assegnatario non produca la documentazione di cui sopra, incorre nelle sanzioni previste dall\u2019art. 20 della legge citata in oggetto con avviso che verr\u00e0 dichiarata la decadenza dall\u2019assegnazione.<br \/>\nL\u2019art. 20 della legge citata in oggetto prevede altres\u00ec che l\u2019assegnatario ha, in caso di decesso o trasferimento di un componente o variazione del nucleo familiare, diritto, su specificata e documentata richiesta verificata dall\u2019Ente gestore, di essere collocato in una area di reddito inferiore qualora abbia subito una diminuzione di reddito. La collocazione nella fascia di reddito inferiore \u00e8 disposta dall\u2019Ente gestore entro trenta giorni dall\u2019accertamento della variazione di reddito. A tal fine gli interessati devono presentare istanza e contestuale dichiarazione sostitutiva, ai sensi dell\u2019art. 38 del D.P.R. 28\/12\/2000, n\u00b0 445, servendosi del modello predisposto (allegato n. 2), successivamente al verificarsi dell\u2019evento sopracitato.<\/p>\n","protected":false},"excerpt":{"rendered":"<p>L\u2019art. 20 della legge citata in oggetto prevede: A) la verifica annuale del reddito degli assegnatari degli alloggi per la determinazione del canone di locazione a partire dal 1\u00b0 gennaio dell\u2019anno successivo a quello di presentazione della dichiarazione fiscale; B)&#8230;<span class=\"read-more\"><a href=\"https:\/\/amministrazionetrasparente.aeep.it\/sitoweb\/comunicazioni\/notizie\/verifica-periodica-del-reddito\/\">Continua la lettura &rarr;<\/a><\/span><\/p>\n","protected":false},"author":1,"featured_media":0,"comment_status":"closed","ping_status":"closed","sticky":false,"template":"","format":"standard","meta":{"_acf_changed":false,"ngg_post_thumbnail":0,"_jetpack_memberships_contains_paid_content":false,"footnotes":""},"categories":[12],"tags":[],"class_list":["post-509","post","type-post","status-publish","format-standard","hentry","category-notizie"],"acf":[],"yoast_head":"<!-- This site is optimized with the Yoast SEO plugin v27.4 - https:\/\/yoast.com\/product\/yoast-seo-wordpress\/ -->\n<title>Verifica periodica del reddito - AEEP<\/title>\n<meta name=\"robots\" content=\"noindex, follow, max-snippet:-1, max-image-preview:large, max-video-preview:-1\" \/>\n<meta property=\"og:locale\" content=\"it_IT\" \/>\n<meta property=\"og:type\" content=\"article\" \/>\n<meta property=\"og:title\" content=\"Verifica periodica del reddito - AEEP\" \/>\n<meta property=\"og:description\" content=\"L\u2019art. 20 della legge citata in oggetto prevede: A) la verifica annuale del reddito degli assegnatari degli alloggi per la determinazione del canone di locazione a partire dal 1\u00b0 gennaio dell\u2019anno successivo a quello di presentazione della dichiarazione fiscale; B)...Continua la lettura &rarr;\" \/>\n<meta property=\"og:url\" content=\"https:\/\/amministrazionetrasparente.aeep.it\/sitoweb\/comunicazioni\/notizie\/verifica-periodica-del-reddito\/\" \/>\n<meta property=\"og:site_name\" content=\"AEEP\" \/>\n<meta property=\"article:published_time\" content=\"2014-06-26T12:42:19+00:00\" \/>\n<meta property=\"article:modified_time\" content=\"2017-06-26T12:44:40+00:00\" \/>\n<meta name=\"author\" content=\"AeepAdm\" \/>\n<meta name=\"twitter:card\" content=\"summary_large_image\" \/>\n<meta name=\"twitter:label1\" content=\"Scritto da\" \/>\n\t<meta name=\"twitter:data1\" content=\"AeepAdm\" \/>\n\t<meta name=\"twitter:label2\" content=\"Tempo di lettura stimato\" \/>\n\t<meta name=\"twitter:data2\" content=\"3 minuti\" \/>\n<script type=\"application\/ld+json\" class=\"yoast-schema-graph\">{\"@context\":\"https:\\\/\\\/schema.org\",\"@graph\":[{\"@type\":\"Article\",\"@id\":\"https:\\\/\\\/amministrazionetrasparente.aeep.it\\\/sitoweb\\\/comunicazioni\\\/notizie\\\/verifica-periodica-del-reddito\\\/#article\",\"isPartOf\":{\"@id\":\"https:\\\/\\\/amministrazionetrasparente.aeep.it\\\/sitoweb\\\/comunicazioni\\\/notizie\\\/verifica-periodica-del-reddito\\\/\"},\"author\":{\"name\":\"AeepAdm\",\"@id\":\"https:\\\/\\\/amministrazionetrasparente.aeep.it\\\/sitoweb\\\/#\\\/schema\\\/person\\\/f3a3eb01b801e64788fc5205996392a8\"},\"headline\":\"Verifica periodica del reddito\",\"datePublished\":\"2014-06-26T12:42:19+00:00\",\"dateModified\":\"2017-06-26T12:44:40+00:00\",\"mainEntityOfPage\":{\"@id\":\"https:\\\/\\\/amministrazionetrasparente.aeep.it\\\/sitoweb\\\/comunicazioni\\\/notizie\\\/verifica-periodica-del-reddito\\\/\"},\"wordCount\":509,\"articleSection\":[\"Notizie\"],\"inLanguage\":\"it-IT\"},{\"@type\":\"WebPage\",\"@id\":\"https:\\\/\\\/amministrazionetrasparente.aeep.it\\\/sitoweb\\\/comunicazioni\\\/notizie\\\/verifica-periodica-del-reddito\\\/\",\"url\":\"https:\\\/\\\/amministrazionetrasparente.aeep.it\\\/sitoweb\\\/comunicazioni\\\/notizie\\\/verifica-periodica-del-reddito\\\/\",\"name\":\"Verifica periodica del reddito - AEEP\",\"isPartOf\":{\"@id\":\"https:\\\/\\\/amministrazionetrasparente.aeep.it\\\/sitoweb\\\/#website\"},\"datePublished\":\"2014-06-26T12:42:19+00:00\",\"dateModified\":\"2017-06-26T12:44:40+00:00\",\"author\":{\"@id\":\"https:\\\/\\\/amministrazionetrasparente.aeep.it\\\/sitoweb\\\/#\\\/schema\\\/person\\\/f3a3eb01b801e64788fc5205996392a8\"},\"breadcrumb\":{\"@id\":\"https:\\\/\\\/amministrazionetrasparente.aeep.it\\\/sitoweb\\\/comunicazioni\\\/notizie\\\/verifica-periodica-del-reddito\\\/#breadcrumb\"},\"inLanguage\":\"it-IT\",\"potentialAction\":[{\"@type\":\"ReadAction\",\"target\":[\"https:\\\/\\\/amministrazionetrasparente.aeep.it\\\/sitoweb\\\/comunicazioni\\\/notizie\\\/verifica-periodica-del-reddito\\\/\"]}]},{\"@type\":\"BreadcrumbList\",\"@id\":\"https:\\\/\\\/amministrazionetrasparente.aeep.it\\\/sitoweb\\\/comunicazioni\\\/notizie\\\/verifica-periodica-del-reddito\\\/#breadcrumb\",\"itemListElement\":[{\"@type\":\"ListItem\",\"position\":1,\"name\":\"Home\",\"item\":\"https:\\\/\\\/amministrazionetrasparente.aeep.it\\\/sitoweb\\\/\"},{\"@type\":\"ListItem\",\"position\":2,\"name\":\"Verifica periodica del reddito\"}]},{\"@type\":\"WebSite\",\"@id\":\"https:\\\/\\\/amministrazionetrasparente.aeep.it\\\/sitoweb\\\/#website\",\"url\":\"https:\\\/\\\/amministrazionetrasparente.aeep.it\\\/sitoweb\\\/\",\"name\":\"AEEP\",\"description\":\"Il portale dei servizi della citt\u00e0 di Castelfranco Veneto\",\"potentialAction\":[{\"@type\":\"SearchAction\",\"target\":{\"@type\":\"EntryPoint\",\"urlTemplate\":\"https:\\\/\\\/amministrazionetrasparente.aeep.it\\\/sitoweb\\\/?s={search_term_string}\"},\"query-input\":{\"@type\":\"PropertyValueSpecification\",\"valueRequired\":true,\"valueName\":\"search_term_string\"}}],\"inLanguage\":\"it-IT\"},{\"@type\":\"Person\",\"@id\":\"https:\\\/\\\/amministrazionetrasparente.aeep.it\\\/sitoweb\\\/#\\\/schema\\\/person\\\/f3a3eb01b801e64788fc5205996392a8\",\"name\":\"AeepAdm\",\"image\":{\"@type\":\"ImageObject\",\"inLanguage\":\"it-IT\",\"@id\":\"https:\\\/\\\/secure.gravatar.com\\\/avatar\\\/436265d65ca60fcbbf12c572e2b3fd398835adf85660b8d8210d0ecceaba56e5?s=96&d=mm&r=g\",\"url\":\"https:\\\/\\\/secure.gravatar.com\\\/avatar\\\/436265d65ca60fcbbf12c572e2b3fd398835adf85660b8d8210d0ecceaba56e5?s=96&d=mm&r=g\",\"contentUrl\":\"https:\\\/\\\/secure.gravatar.com\\\/avatar\\\/436265d65ca60fcbbf12c572e2b3fd398835adf85660b8d8210d0ecceaba56e5?s=96&d=mm&r=g\",\"caption\":\"AeepAdm\"},\"url\":\"https:\\\/\\\/amministrazionetrasparente.aeep.it\\\/sitoweb\\\/author\\\/aeepadm\\\/\"}]}<\/script>\n<!-- \/ Yoast SEO plugin. -->","yoast_head_json":{"title":"Verifica periodica del reddito - AEEP","robots":{"index":"noindex","follow":"follow","max-snippet":"max-snippet:-1","max-image-preview":"max-image-preview:large","max-video-preview":"max-video-preview:-1"},"og_locale":"it_IT","og_type":"article","og_title":"Verifica periodica del reddito - AEEP","og_description":"L\u2019art. 20 della legge citata in oggetto prevede: A) la verifica annuale del reddito degli assegnatari degli alloggi per la determinazione del canone di locazione a partire dal 1\u00b0 gennaio dell\u2019anno successivo a quello di presentazione della dichiarazione fiscale; B)...Continua la lettura &rarr;","og_url":"https:\/\/amministrazionetrasparente.aeep.it\/sitoweb\/comunicazioni\/notizie\/verifica-periodica-del-reddito\/","og_site_name":"AEEP","article_published_time":"2014-06-26T12:42:19+00:00","article_modified_time":"2017-06-26T12:44:40+00:00","author":"AeepAdm","twitter_card":"summary_large_image","twitter_misc":{"Scritto da":"AeepAdm","Tempo di lettura stimato":"3 minuti"},"schema":{"@context":"https:\/\/schema.org","@graph":[{"@type":"Article","@id":"https:\/\/amministrazionetrasparente.aeep.it\/sitoweb\/comunicazioni\/notizie\/verifica-periodica-del-reddito\/#article","isPartOf":{"@id":"https:\/\/amministrazionetrasparente.aeep.it\/sitoweb\/comunicazioni\/notizie\/verifica-periodica-del-reddito\/"},"author":{"name":"AeepAdm","@id":"https:\/\/amministrazionetrasparente.aeep.it\/sitoweb\/#\/schema\/person\/f3a3eb01b801e64788fc5205996392a8"},"headline":"Verifica periodica del reddito","datePublished":"2014-06-26T12:42:19+00:00","dateModified":"2017-06-26T12:44:40+00:00","mainEntityOfPage":{"@id":"https:\/\/amministrazionetrasparente.aeep.it\/sitoweb\/comunicazioni\/notizie\/verifica-periodica-del-reddito\/"},"wordCount":509,"articleSection":["Notizie"],"inLanguage":"it-IT"},{"@type":"WebPage","@id":"https:\/\/amministrazionetrasparente.aeep.it\/sitoweb\/comunicazioni\/notizie\/verifica-periodica-del-reddito\/","url":"https:\/\/amministrazionetrasparente.aeep.it\/sitoweb\/comunicazioni\/notizie\/verifica-periodica-del-reddito\/","name":"Verifica periodica del reddito - AEEP","isPartOf":{"@id":"https:\/\/amministrazionetrasparente.aeep.it\/sitoweb\/#website"},"datePublished":"2014-06-26T12:42:19+00:00","dateModified":"2017-06-26T12:44:40+00:00","author":{"@id":"https:\/\/amministrazionetrasparente.aeep.it\/sitoweb\/#\/schema\/person\/f3a3eb01b801e64788fc5205996392a8"},"breadcrumb":{"@id":"https:\/\/amministrazionetrasparente.aeep.it\/sitoweb\/comunicazioni\/notizie\/verifica-periodica-del-reddito\/#breadcrumb"},"inLanguage":"it-IT","potentialAction":[{"@type":"ReadAction","target":["https:\/\/amministrazionetrasparente.aeep.it\/sitoweb\/comunicazioni\/notizie\/verifica-periodica-del-reddito\/"]}]},{"@type":"BreadcrumbList","@id":"https:\/\/amministrazionetrasparente.aeep.it\/sitoweb\/comunicazioni\/notizie\/verifica-periodica-del-reddito\/#breadcrumb","itemListElement":[{"@type":"ListItem","position":1,"name":"Home","item":"https:\/\/amministrazionetrasparente.aeep.it\/sitoweb\/"},{"@type":"ListItem","position":2,"name":"Verifica periodica del reddito"}]},{"@type":"WebSite","@id":"https:\/\/amministrazionetrasparente.aeep.it\/sitoweb\/#website","url":"https:\/\/amministrazionetrasparente.aeep.it\/sitoweb\/","name":"AEEP","description":"Il portale dei servizi della citt\u00e0 di Castelfranco Veneto","potentialAction":[{"@type":"SearchAction","target":{"@type":"EntryPoint","urlTemplate":"https:\/\/amministrazionetrasparente.aeep.it\/sitoweb\/?s={search_term_string}"},"query-input":{"@type":"PropertyValueSpecification","valueRequired":true,"valueName":"search_term_string"}}],"inLanguage":"it-IT"},{"@type":"Person","@id":"https:\/\/amministrazionetrasparente.aeep.it\/sitoweb\/#\/schema\/person\/f3a3eb01b801e64788fc5205996392a8","name":"AeepAdm","image":{"@type":"ImageObject","inLanguage":"it-IT","@id":"https:\/\/secure.gravatar.com\/avatar\/436265d65ca60fcbbf12c572e2b3fd398835adf85660b8d8210d0ecceaba56e5?s=96&d=mm&r=g","url":"https:\/\/secure.gravatar.com\/avatar\/436265d65ca60fcbbf12c572e2b3fd398835adf85660b8d8210d0ecceaba56e5?s=96&d=mm&r=g","contentUrl":"https:\/\/secure.gravatar.com\/avatar\/436265d65ca60fcbbf12c572e2b3fd398835adf85660b8d8210d0ecceaba56e5?s=96&d=mm&r=g","caption":"AeepAdm"},"url":"https:\/\/amministrazionetrasparente.aeep.it\/sitoweb\/author\/aeepadm\/"}]}},"jetpack_featured_media_url":"","jetpack_sharing_enabled":true,"_links":{"self":[{"href":"https:\/\/amministrazionetrasparente.aeep.it\/sitoweb\/wp-json\/wp\/v2\/posts\/509","targetHints":{"allow":["GET"]}}],"collection":[{"href":"https:\/\/amministrazionetrasparente.aeep.it\/sitoweb\/wp-json\/wp\/v2\/posts"}],"about":[{"href":"https:\/\/amministrazionetrasparente.aeep.it\/sitoweb\/wp-json\/wp\/v2\/types\/post"}],"author":[{"embeddable":true,"href":"https:\/\/amministrazionetrasparente.aeep.it\/sitoweb\/wp-json\/wp\/v2\/users\/1"}],"replies":[{"embeddable":true,"href":"https:\/\/amministrazionetrasparente.aeep.it\/sitoweb\/wp-json\/wp\/v2\/comments?post=509"}],"version-history":[{"count":1,"href":"https:\/\/amministrazionetrasparente.aeep.it\/sitoweb\/wp-json\/wp\/v2\/posts\/509\/revisions"}],"predecessor-version":[{"id":510,"href":"https:\/\/amministrazionetrasparente.aeep.it\/sitoweb\/wp-json\/wp\/v2\/posts\/509\/revisions\/510"}],"wp:attachment":[{"href":"https:\/\/amministrazionetrasparente.aeep.it\/sitoweb\/wp-json\/wp\/v2\/media?parent=509"}],"wp:term":[{"taxonomy":"category","embeddable":true,"href":"https:\/\/amministrazionetrasparente.aeep.it\/sitoweb\/wp-json\/wp\/v2\/categories?post=509"},{"taxonomy":"post_tag","embeddable":true,"href":"https:\/\/amministrazionetrasparente.aeep.it\/sitoweb\/wp-json\/wp\/v2\/tags?post=509"}],"curies":[{"name":"wp","href":"https:\/\/api.w.org\/{rel}","templated":true}]}}